{"id":10219,"date":"2025-04-24T15:57:11","date_gmt":"2025-04-24T13:57:11","guid":{"rendered":"https:\/\/movementarena.pl\/gdansk\/?p=10219"},"modified":"2026-04-24T15:55:58","modified_gmt":"2026-04-24T13:55:58","slug":"korzystanie-utrudnione","status":"publish","type":"post","link":"https:\/\/movementarena.pl\/gdansk\/korzystanie-utrudnione\/","title":{"rendered":"Korzystanie-utrudnione"},"content":{"rendered":"\t\t<div data-elementor-type=\"wp-post\" data-elementor-id=\"10219\" class=\"elementor elementor-10219\" data-elementor-post-type=\"post\">\n\t\t\t\t\t\t\t\t\t<section class=\"elementor-section elementor-top-section elementor-element elementor-element-301ecc77 elementor-section-boxed elementor-section-height-default elementor-section-height-default\" data-id=\"301ecc77\" data-element_type=\"section\">\n\t\t\t\t\t\t<div class=\"elementor-container elementor-column-gap-default\">\n\t\t\t\t\t<div class=\"elementor-column elementor-col-100 elementor-top-column elementor-element elementor-element-8eb35c2\" data-id=\"8eb35c2\" data-element_type=\"column\">\n\t\t\t<div class=\"elementor-widget-wrap elementor-element-populated\">\n\t\t\t\t\t\t\t\t<div class=\"elementor-element elementor-element-06db19b elementor-widget elementor-widget-heading\" data-id=\"06db19b\" data-element_type=\"widget\" data-widget_type=\"heading.default\">\n\t\t\t\t<div class=\"elementor-widget-container\">\n\t\t\t<h2 class=\"elementor-heading-title elementor-size-default\">Funkcjonowanie<\/h2>\t\t<\/div>\n\t\t\t\t<\/div>\n\t\t\t\t<div class=\"elementor-element elementor-element-cceceec elementor-widget elementor-widget-heading\" data-id=\"cceceec\" data-element_type=\"widget\" data-widget_type=\"heading.default\">\n\t\t\t\t<div class=\"elementor-widget-container\">\n\t\t\t<h2 class=\"elementor-heading-title elementor-size-default\">sali Movement Arena oraz si\u0142owni Movement Gym<br><\/h2>\t\t<\/div>\n\t\t\t\t<\/div>\n\t\t\t\t<div class=\"elementor-element elementor-element-37d93bf elementor-widget elementor-widget-heading\" data-id=\"37d93bf\" data-element_type=\"widget\" data-widget_type=\"heading.default\">\n\t\t\t\t<div class=\"elementor-widget-container\">\n\t\t\t<h2 class=\"elementor-heading-title elementor-size-default\">w okresie 25 kwietnia - 11 maja<\/h2>\t\t<\/div>\n\t\t\t\t<\/div>\n\t\t\t\t<div class=\"elementor-element elementor-element-d1ed2ea elementor-hidden-desktop elementor-hidden-tablet elementor-hidden-mobile elementor-widget elementor-widget-heading\" data-id=\"d1ed2ea\" data-element_type=\"widget\" data-widget_type=\"heading.default\">\n\t\t\t\t<div class=\"elementor-widget-container\">\n\t\t\t<h5 class=\"elementor-heading-title elementor-size-medium\">Wi\u0119cej szczeg\u00f3\u0142\u00f3w - kliknij aby rozwin\u0105\u0107:<\/h5>\t\t<\/div>\n\t\t\t\t<\/div>\n\t\t\t\t<div class=\"elementor-element elementor-element-dc8fa16 elementor-hidden-desktop elementor-hidden-tablet elementor-hidden-mobile elementor-widget elementor-widget-toggle\" data-id=\"dc8fa16\" data-element_type=\"widget\" data-widget_type=\"toggle.default\">\n\t\t\t\t<div class=\"elementor-widget-container\">\n\t\t\t\t\t<div class=\"elementor-toggle\">\n\t\t\t\t\t\t\t<div class=\"elementor-toggle-item\">\n\t\t\t\t\t<div id=\"elementor-tab-title-2311\" class=\"elementor-tab-title\" data-tab=\"1\" role=\"button\" aria-controls=\"elementor-tab-content-2311\" aria-expanded=\"false\">\n\t\t\t\t\t\t\t\t\t\t\t\t<span class=\"elementor-toggle-icon elementor-toggle-icon-left\" aria-hidden=\"true\">\n\t\t\t\t\t\t\t\t\t\t\t\t\t\t\t<span class=\"elementor-toggle-icon-closed\"><i class=\"fas fa-caret-right\"><\/i><\/span>\n\t\t\t\t\t\t\t\t<span class=\"elementor-toggle-icon-opened\"><i class=\"elementor-toggle-icon-opened fas fa-caret-up\"><\/i><\/span>\n\t\t\t\t\t\t\t\t\t\t\t\t\t<\/span>\n\t\t\t\t\t\t\t\t\t\t\t\t<a class=\"elementor-toggle-title\" tabindex=\"0\">W sobot\u0119 25.10 oraz w niedziel\u0119 26.10 na sali odbywaj\u0105 si\u0119 zawody.<\/a>\n\t\t\t\t\t<\/div>\n\n\t\t\t\t\t<div id=\"elementor-tab-content-2311\" class=\"elementor-tab-content elementor-clearfix\" data-tab=\"1\" role=\"region\" aria-labelledby=\"elementor-tab-title-2311\"><p>&#8211; Sugerujemy parkowa\u0107 na ulicy Uczniowskiej (za wiaduktem).<\/p><p>&#8211; Dost\u0119p do naszej sali nie ulega zmianom (z wy\u0142\u0105czeniem dni 15.08 i 16.08 &#8211; poni\u017cej).<\/p><\/div>\n\t\t\t\t<\/div>\n\t\t\t\t\t\t\t\t<\/div>\n\t\t\t\t<\/div>\n\t\t\t\t<\/div>\n\t\t\t\t<div class=\"elementor-element elementor-element-ce4daeb elementor-widget elementor-widget-heading\" data-id=\"ce4daeb\" data-element_type=\"widget\" data-widget_type=\"heading.default\">\n\t\t\t\t<div class=\"elementor-widget-container\">\n\t\t\t<h2 class=\"elementor-heading-title elementor-size-default\">Movement Arena - sala sportowa<\/h2>\t\t<\/div>\n\t\t\t\t<\/div>\n\t\t\t\t<div class=\"elementor-element elementor-element-d655cf2 elementor-widget elementor-widget-text-editor\" data-id=\"d655cf2\" data-element_type=\"widget\" data-widget_type=\"text-editor.default\">\n\t\t\t\t<div class=\"elementor-widget-container\">\n\t\t\t\t\t\t\t<ul><li>1 maja &#8211; pi\u0105tek<\/li><li>9 maja &#8211; sobota<\/li><\/ul><p><strong>JEST NIECZYNNA.<\/strong><\/p>\t\t\t\t\t\t<\/div>\n\t\t\t\t<\/div>\n\t\t\t\t<div class=\"elementor-element elementor-element-3f21557 elementor-widget elementor-widget-heading\" data-id=\"3f21557\" data-element_type=\"widget\" data-widget_type=\"heading.default\">\n\t\t\t\t<div class=\"elementor-widget-container\">\n\t\t\t<h2 class=\"elementor-heading-title elementor-size-default\">Movement Gym - si\u0142ownia<\/h2>\t\t<\/div>\n\t\t\t\t<\/div>\n\t\t\t\t<div class=\"elementor-element elementor-element-5c48359 elementor-widget elementor-widget-text-editor\" data-id=\"5c48359\" data-element_type=\"widget\" data-widget_type=\"text-editor.default\">\n\t\t\t\t<div class=\"elementor-widget-container\">\n\t\t\t\t\t\t\t<ul><li>Od 25 kwietnia do 11 maja w\u0142\u0105cznie<\/li><\/ul><p><strong>JEST NIECZYNNA.<\/strong><\/p><ul><li><strong>Zaj\u0119cia zorganizowane z kalisteniki z trenerem Krystianem<\/strong> <strong>zosta\u0142y przeniesione na Movement Arena.<\/strong><\/li><li>Na temat zaj\u0119\u0107 zorganizowanych prowadzonych przez innych trener\u00f3w prosz\u0119 kontaktowa\u0107 si\u0119 bezpo\u015brednio z prowadz\u0105cymi.<\/li><\/ul>\t\t\t\t\t\t<\/div>\n\t\t\t\t<\/div>\n\t\t\t\t<div class=\"elementor-element elementor-element-b28307c elementor-widget elementor-widget-heading\" data-id=\"b28307c\" data-element_type=\"widget\" data-widget_type=\"heading.default\">\n\t\t\t\t<div class=\"elementor-widget-container\">\n\t\t\t<h2 class=\"elementor-heading-title elementor-size-default\">Przepraszamy za utrudnienia - Ekipa Movement Arena<\/h2>\t\t<\/div>\n\t\t\t\t<\/div>\n\t\t\t\t<div class=\"elementor-element elementor-element-caea0c8 elementor-widget-divider--view-line_text elementor-widget-divider--element-align-center elementor-widget elementor-widget-divider\" data-id=\"caea0c8\" data-element_type=\"widget\" data-widget_type=\"divider.default\">\n\t\t\t\t<div class=\"elementor-widget-container\">\n\t\t\t\t\t<div class=\"elementor-divider\">\n\t\t\t<span class=\"elementor-divider-separator\">\n\t\t\t\t\t\t\t<span class=\"elementor-divider__text elementor-divider__element\">\n\t\t\t\tMOVEMENTARENA\t\t\t\t<\/span>\n\t\t\t\t\t\t<\/span>\n\t\t<\/div>\n\t\t\t\t<\/div>\n\t\t\t\t<\/div>\n\t\t\t\t\t<\/div>\n\t\t<\/div>\n\t\t\t\t\t\t\t<\/div>\n\t\t<\/section>\n\t\t\t\t\t\t\t<\/div>\n\t\t","protected":false},"excerpt":{"rendered":"<p>Funkcjonowanie sali Movement Arena oraz si\u0142owni Movement Gym w okresie 25 kwietnia &#8211; 11 maja Wi\u0119cej szczeg\u00f3\u0142\u00f3w &#8211; kliknij aby rozwin\u0105\u0107: W sobot\u0119 25.10 oraz w niedziel\u0119 26.10 na sali odbywaj\u0105 si\u0119 zawody. \u2013 Sugerujemy parkowa\u0107 na ulicy Uczniowskiej (za wiaduktem). \u2013 Dost\u0119p do naszej sali nie ulega zmianom (z wy\u0142\u0105czeniem dni 15.08 i 16.08&#8230;<\/p>\n","protected":false},"author":1,"featured_media":10927,"comment_status":"open","ping_status":"open","sticky":false,"template":"elementor_header_footer","format":"standard","meta":{"_mi_skip_tracking":false,"_monsterinsights_sitenote_active":false,"_monsterinsights_sitenote_note":"","_monsterinsights_sitenote_category":0,"_mbp_gutenberg_autopost":false,"footnotes":""},"categories":[5],"tags":[],"class_list":["post-10219","post","type-post","status-publish","format-standard","has-post-thumbnail","hentry","category-aktualnosci"],"yoast_head":"<!-- This site is optimized with the Yoast SEO plugin v23.4 - https:\/\/yoast.com\/wordpress\/plugins\/seo\/ -->\n<title>Korzystanie-utrudnione - Movement Arena - Parkour | trampoliny | kalistenika | fitness.<\/title>\n<meta name=\"description\" content=\"W dniach 1 oraz 9 maja Movement Arena nieczynna. W terminie 25 kwietnia do 11 maja nieczynna si\u0142ownia Movement Gym. Kliknij po wi\u0119cej.\" \/>\n<meta name=\"robots\" content=\"index, follow, max-snippet:-1, max-image-preview:large, max-video-preview:-1\" \/>\n<link rel=\"canonical\" href=\"https:\/\/movementarena.pl\/gdansk\/korzystanie-utrudnione\/\" \/>\n<meta property=\"og:locale\" content=\"pl_PL\" \/>\n<meta property=\"og:type\" content=\"article\" \/>\n<meta property=\"og:title\" content=\"Korzystanie-utrudnione - Movement Arena - Parkour | trampoliny | kalistenika | fitness.\" \/>\n<meta property=\"og:description\" content=\"W dniach 1 oraz 9 maja Movement Arena nieczynna. W terminie 25 kwietnia do 11 maja nieczynna si\u0142ownia Movement Gym. Kliknij po wi\u0119cej.\" \/>\n<meta property=\"og:url\" content=\"https:\/\/movementarena.pl\/gdansk\/korzystanie-utrudnione\/\" \/>\n<meta property=\"og:site_name\" content=\"Movement Arena - Parkour | trampoliny | kalistenika | fitness.\" \/>\n<meta property=\"article:publisher\" content=\"https:\/\/www.facebook.com\/movementarena\/\" \/>\n<meta property=\"article:published_time\" content=\"2025-04-24T13:57:11+00:00\" \/>\n<meta property=\"article:modified_time\" content=\"2026-04-24T13:55:58+00:00\" \/>\n<meta property=\"og:image\" content=\"https:\/\/movementarena.pl\/gdansk\/wp-content\/uploads\/2025\/04\/MA-zmiany_w_okresie_Wielkanocy_2026.png\" \/>\n\t<meta property=\"og:image:width\" content=\"1060\" \/>\n\t<meta property=\"og:image:height\" content=\"590\" \/>\n\t<meta property=\"og:image:type\" content=\"image\/png\" \/>\n<meta name=\"author\" content=\"marenaboss\" \/>\n<meta name=\"twitter:card\" content=\"summary_large_image\" \/>\n<meta name=\"twitter:label1\" content=\"Napisane przez\" \/>\n\t<meta name=\"twitter:data1\" content=\"marenaboss\" \/>\n\t<meta name=\"twitter:label2\" content=\"Szacowany czas czytania\" \/>\n\t<meta name=\"twitter:data2\" content=\"1 minuta\" \/>\n<script type=\"application\/ld+json\" class=\"yoast-schema-graph\">{\"@context\":\"https:\/\/schema.org\",\"@graph\":[{\"@type\":\"Article\",\"@id\":\"https:\/\/movementarena.pl\/gdansk\/korzystanie-utrudnione\/#article\",\"isPartOf\":{\"@id\":\"https:\/\/movementarena.pl\/gdansk\/korzystanie-utrudnione\/\"},\"author\":{\"name\":\"marenaboss\",\"@id\":\"https:\/\/movementarena.pl\/gdansk\/#\/schema\/person\/e7e569b7e963248d1179893af030abbe\"},\"headline\":\"Korzystanie-utrudnione\",\"datePublished\":\"2025-04-24T13:57:11+00:00\",\"dateModified\":\"2026-04-24T13:55:58+00:00\",\"mainEntityOfPage\":{\"@id\":\"https:\/\/movementarena.pl\/gdansk\/korzystanie-utrudnione\/\"},\"wordCount\":121,\"commentCount\":0,\"publisher\":{\"@id\":\"https:\/\/movementarena.pl\/gdansk\/#organization\"},\"image\":{\"@id\":\"https:\/\/movementarena.pl\/gdansk\/korzystanie-utrudnione\/#primaryimage\"},\"thumbnailUrl\":\"https:\/\/movementarena.pl\/gdansk\/wp-content\/uploads\/2025\/04\/MA-zmiany_w_okresie_Wielkanocy_2026.png\",\"articleSection\":[\"Aktualno\u015bci\"],\"inLanguage\":\"pl-PL\",\"potentialAction\":[{\"@type\":\"CommentAction\",\"name\":\"Comment\",\"target\":[\"https:\/\/movementarena.pl\/gdansk\/korzystanie-utrudnione\/#respond\"]}]},{\"@type\":\"WebPage\",\"@id\":\"https:\/\/movementarena.pl\/gdansk\/korzystanie-utrudnione\/\",\"url\":\"https:\/\/movementarena.pl\/gdansk\/korzystanie-utrudnione\/\",\"name\":\"Korzystanie-utrudnione - Movement Arena - Parkour | trampoliny | kalistenika | fitness.\",\"isPartOf\":{\"@id\":\"https:\/\/movementarena.pl\/gdansk\/#website\"},\"primaryImageOfPage\":{\"@id\":\"https:\/\/movementarena.pl\/gdansk\/korzystanie-utrudnione\/#primaryimage\"},\"image\":{\"@id\":\"https:\/\/movementarena.pl\/gdansk\/korzystanie-utrudnione\/#primaryimage\"},\"thumbnailUrl\":\"https:\/\/movementarena.pl\/gdansk\/wp-content\/uploads\/2025\/04\/MA-zmiany_w_okresie_Wielkanocy_2026.png\",\"datePublished\":\"2025-04-24T13:57:11+00:00\",\"dateModified\":\"2026-04-24T13:55:58+00:00\",\"description\":\"W dniach 1 oraz 9 maja Movement Arena nieczynna. W terminie 25 kwietnia do 11 maja nieczynna si\u0142ownia Movement Gym. Kliknij po wi\u0119cej.\",\"breadcrumb\":{\"@id\":\"https:\/\/movementarena.pl\/gdansk\/korzystanie-utrudnione\/#breadcrumb\"},\"inLanguage\":\"pl-PL\",\"potentialAction\":[{\"@type\":\"ReadAction\",\"target\":[\"https:\/\/movementarena.pl\/gdansk\/korzystanie-utrudnione\/\"]}]},{\"@type\":\"ImageObject\",\"inLanguage\":\"pl-PL\",\"@id\":\"https:\/\/movementarena.pl\/gdansk\/korzystanie-utrudnione\/#primaryimage\",\"url\":\"https:\/\/movementarena.pl\/gdansk\/wp-content\/uploads\/2025\/04\/MA-zmiany_w_okresie_Wielkanocy_2026.png\",\"contentUrl\":\"https:\/\/movementarena.pl\/gdansk\/wp-content\/uploads\/2025\/04\/MA-zmiany_w_okresie_Wielkanocy_2026.png\",\"width\":1060,\"height\":590},{\"@type\":\"BreadcrumbList\",\"@id\":\"https:\/\/movementarena.pl\/gdansk\/korzystanie-utrudnione\/#breadcrumb\",\"itemListElement\":[{\"@type\":\"ListItem\",\"position\":1,\"name\":\"Strona g\u0142\u00f3wna\",\"item\":\"https:\/\/movementarena.pl\/gdansk\/\"},{\"@type\":\"ListItem\",\"position\":2,\"name\":\"Korzystanie-utrudnione\"}]},{\"@type\":\"WebSite\",\"@id\":\"https:\/\/movementarena.pl\/gdansk\/#website\",\"url\":\"https:\/\/movementarena.pl\/gdansk\/\",\"name\":\"Movement Arena - Parkour | trampoliny | kalistenika | fitness.\",\"description\":\"Zaj\u0119cia sportowe dla dzieci | Parkour | Trampoliny\",\"publisher\":{\"@id\":\"https:\/\/movementarena.pl\/gdansk\/#organization\"},\"alternateName\":\"Movement Arena Gda\u0144sk\",\"potentialAction\":[{\"@type\":\"SearchAction\",\"target\":{\"@type\":\"EntryPoint\",\"urlTemplate\":\"https:\/\/movementarena.pl\/gdansk\/?s={search_term_string}\"},\"query-input\":{\"@type\":\"PropertyValueSpecification\",\"valueRequired\":true,\"valueName\":\"search_term_string\"}}],\"inLanguage\":\"pl-PL\"},{\"@type\":\"Organization\",\"@id\":\"https:\/\/movementarena.pl\/gdansk\/#organization\",\"name\":\"Movement Arena\",\"url\":\"https:\/\/movementarena.pl\/gdansk\/\",\"logo\":{\"@type\":\"ImageObject\",\"inLanguage\":\"pl-PL\",\"@id\":\"https:\/\/movementarena.pl\/gdansk\/#\/schema\/logo\/image\/\",\"url\":\"https:\/\/movementarena.pl\/gdansk\/wp-content\/uploads\/2021\/02\/logo-MovementArena-skrocone.jpg\",\"contentUrl\":\"https:\/\/movementarena.pl\/gdansk\/wp-content\/uploads\/2021\/02\/logo-MovementArena-skrocone.jpg\",\"width\":884,\"height\":843,\"caption\":\"Movement Arena\"},\"image\":{\"@id\":\"https:\/\/movementarena.pl\/gdansk\/#\/schema\/logo\/image\/\"},\"sameAs\":[\"https:\/\/www.facebook.com\/movementarena\/\",\"https:\/\/www.instagram.com\/movementarena\/\"]},{\"@type\":\"Person\",\"@id\":\"https:\/\/movementarena.pl\/gdansk\/#\/schema\/person\/e7e569b7e963248d1179893af030abbe\",\"name\":\"marenaboss\",\"image\":{\"@type\":\"ImageObject\",\"inLanguage\":\"pl-PL\",\"@id\":\"https:\/\/movementarena.pl\/gdansk\/#\/schema\/person\/image\/\",\"url\":\"https:\/\/secure.gravatar.com\/avatar\/29faf1566332d79e0c9077f3f011f928080b5938357a26d767169620a2e0ffcc?s=96&d=mm&r=g\",\"contentUrl\":\"https:\/\/secure.gravatar.com\/avatar\/29faf1566332d79e0c9077f3f011f928080b5938357a26d767169620a2e0ffcc?s=96&d=mm&r=g\",\"caption\":\"marenaboss\"},\"url\":\"https:\/\/movementarena.pl\/gdansk\/author\/marenaboss\/\"}]}<\/script>\n<!-- \/ Yoast SEO plugin. -->","yoast_head_json":{"title":"Korzystanie-utrudnione - Movement Arena - Parkour | trampoliny | kalistenika | fitness.","description":"W dniach 1 oraz 9 maja Movement Arena nieczynna. W terminie 25 kwietnia do 11 maja nieczynna si\u0142ownia Movement Gym. Kliknij po wi\u0119cej.","robots":{"index":"index","follow":"follow","max-snippet":"max-snippet:-1","max-image-preview":"max-image-preview:large","max-video-preview":"max-video-preview:-1"},"canonical":"https:\/\/movementarena.pl\/gdansk\/korzystanie-utrudnione\/","og_locale":"pl_PL","og_type":"article","og_title":"Korzystanie-utrudnione - Movement Arena - Parkour | trampoliny | kalistenika | fitness.","og_description":"W dniach 1 oraz 9 maja Movement Arena nieczynna. W terminie 25 kwietnia do 11 maja nieczynna si\u0142ownia Movement Gym. Kliknij po wi\u0119cej.","og_url":"https:\/\/movementarena.pl\/gdansk\/korzystanie-utrudnione\/","og_site_name":"Movement Arena - Parkour | trampoliny | kalistenika | fitness.","article_publisher":"https:\/\/www.facebook.com\/movementarena\/","article_published_time":"2025-04-24T13:57:11+00:00","article_modified_time":"2026-04-24T13:55:58+00:00","og_image":[{"width":1060,"height":590,"url":"https:\/\/movementarena.pl\/gdansk\/wp-content\/uploads\/2025\/04\/MA-zmiany_w_okresie_Wielkanocy_2026.png","type":"image\/png"}],"author":"marenaboss","twitter_card":"summary_large_image","twitter_misc":{"Napisane przez":"marenaboss","Szacowany czas czytania":"1 minuta"},"schema":{"@context":"https:\/\/schema.org","@graph":[{"@type":"Article","@id":"https:\/\/movementarena.pl\/gdansk\/korzystanie-utrudnione\/#article","isPartOf":{"@id":"https:\/\/movementarena.pl\/gdansk\/korzystanie-utrudnione\/"},"author":{"name":"marenaboss","@id":"https:\/\/movementarena.pl\/gdansk\/#\/schema\/person\/e7e569b7e963248d1179893af030abbe"},"headline":"Korzystanie-utrudnione","datePublished":"2025-04-24T13:57:11+00:00","dateModified":"2026-04-24T13:55:58+00:00","mainEntityOfPage":{"@id":"https:\/\/movementarena.pl\/gdansk\/korzystanie-utrudnione\/"},"wordCount":121,"commentCount":0,"publisher":{"@id":"https:\/\/movementarena.pl\/gdansk\/#organization"},"image":{"@id":"https:\/\/movementarena.pl\/gdansk\/korzystanie-utrudnione\/#primaryimage"},"thumbnailUrl":"https:\/\/movementarena.pl\/gdansk\/wp-content\/uploads\/2025\/04\/MA-zmiany_w_okresie_Wielkanocy_2026.png","articleSection":["Aktualno\u015bci"],"inLanguage":"pl-PL","potentialAction":[{"@type":"CommentAction","name":"Comment","target":["https:\/\/movementarena.pl\/gdansk\/korzystanie-utrudnione\/#respond"]}]},{"@type":"WebPage","@id":"https:\/\/movementarena.pl\/gdansk\/korzystanie-utrudnione\/","url":"https:\/\/movementarena.pl\/gdansk\/korzystanie-utrudnione\/","name":"Korzystanie-utrudnione - Movement Arena - Parkour | trampoliny | kalistenika | fitness.","isPartOf":{"@id":"https:\/\/movementarena.pl\/gdansk\/#website"},"primaryImageOfPage":{"@id":"https:\/\/movementarena.pl\/gdansk\/korzystanie-utrudnione\/#primaryimage"},"image":{"@id":"https:\/\/movementarena.pl\/gdansk\/korzystanie-utrudnione\/#primaryimage"},"thumbnailUrl":"https:\/\/movementarena.pl\/gdansk\/wp-content\/uploads\/2025\/04\/MA-zmiany_w_okresie_Wielkanocy_2026.png","datePublished":"2025-04-24T13:57:11+00:00","dateModified":"2026-04-24T13:55:58+00:00","description":"W dniach 1 oraz 9 maja Movement Arena nieczynna. W terminie 25 kwietnia do 11 maja nieczynna si\u0142ownia Movement Gym. Kliknij po wi\u0119cej.","breadcrumb":{"@id":"https:\/\/movementarena.pl\/gdansk\/korzystanie-utrudnione\/#breadcrumb"},"inLanguage":"pl-PL","potentialAction":[{"@type":"ReadAction","target":["https:\/\/movementarena.pl\/gdansk\/korzystanie-utrudnione\/"]}]},{"@type":"ImageObject","inLanguage":"pl-PL","@id":"https:\/\/movementarena.pl\/gdansk\/korzystanie-utrudnione\/#primaryimage","url":"https:\/\/movementarena.pl\/gdansk\/wp-content\/uploads\/2025\/04\/MA-zmiany_w_okresie_Wielkanocy_2026.png","contentUrl":"https:\/\/movementarena.pl\/gdansk\/wp-content\/uploads\/2025\/04\/MA-zmiany_w_okresie_Wielkanocy_2026.png","width":1060,"height":590},{"@type":"BreadcrumbList","@id":"https:\/\/movementarena.pl\/gdansk\/korzystanie-utrudnione\/#breadcrumb","itemListElement":[{"@type":"ListItem","position":1,"name":"Strona g\u0142\u00f3wna","item":"https:\/\/movementarena.pl\/gdansk\/"},{"@type":"ListItem","position":2,"name":"Korzystanie-utrudnione"}]},{"@type":"WebSite","@id":"https:\/\/movementarena.pl\/gdansk\/#website","url":"https:\/\/movementarena.pl\/gdansk\/","name":"Movement Arena - Parkour | trampoliny | kalistenika | fitness.","description":"Zaj\u0119cia sportowe dla dzieci | Parkour | Trampoliny","publisher":{"@id":"https:\/\/movementarena.pl\/gdansk\/#organization"},"alternateName":"Movement Arena Gda\u0144sk","potentialAction":[{"@type":"SearchAction","target":{"@type":"EntryPoint","urlTemplate":"https:\/\/movementarena.pl\/gdansk\/?s={search_term_string}"},"query-input":{"@type":"PropertyValueSpecification","valueRequired":true,"valueName":"search_term_string"}}],"inLanguage":"pl-PL"},{"@type":"Organization","@id":"https:\/\/movementarena.pl\/gdansk\/#organization","name":"Movement Arena","url":"https:\/\/movementarena.pl\/gdansk\/","logo":{"@type":"ImageObject","inLanguage":"pl-PL","@id":"https:\/\/movementarena.pl\/gdansk\/#\/schema\/logo\/image\/","url":"https:\/\/movementarena.pl\/gdansk\/wp-content\/uploads\/2021\/02\/logo-MovementArena-skrocone.jpg","contentUrl":"https:\/\/movementarena.pl\/gdansk\/wp-content\/uploads\/2021\/02\/logo-MovementArena-skrocone.jpg","width":884,"height":843,"caption":"Movement Arena"},"image":{"@id":"https:\/\/movementarena.pl\/gdansk\/#\/schema\/logo\/image\/"},"sameAs":["https:\/\/www.facebook.com\/movementarena\/","https:\/\/www.instagram.com\/movementarena\/"]},{"@type":"Person","@id":"https:\/\/movementarena.pl\/gdansk\/#\/schema\/person\/e7e569b7e963248d1179893af030abbe","name":"marenaboss","image":{"@type":"ImageObject","inLanguage":"pl-PL","@id":"https:\/\/movementarena.pl\/gdansk\/#\/schema\/person\/image\/","url":"https:\/\/secure.gravatar.com\/avatar\/29faf1566332d79e0c9077f3f011f928080b5938357a26d767169620a2e0ffcc?s=96&d=mm&r=g","contentUrl":"https:\/\/secure.gravatar.com\/avatar\/29faf1566332d79e0c9077f3f011f928080b5938357a26d767169620a2e0ffcc?s=96&d=mm&r=g","caption":"marenaboss"},"url":"https:\/\/movementarena.pl\/gdansk\/author\/marenaboss\/"}]}},"_links":{"self":[{"href":"https:\/\/movementarena.pl\/gdansk\/wp-json\/wp\/v2\/posts\/10219","targetHints":{"allow":["GET"]}}],"collection":[{"href":"https:\/\/movementarena.pl\/gdansk\/wp-json\/wp\/v2\/posts"}],"about":[{"href":"https:\/\/movementarena.pl\/gdansk\/wp-json\/wp\/v2\/types\/post"}],"author":[{"embeddable":true,"href":"https:\/\/movementarena.pl\/gdansk\/wp-json\/wp\/v2\/users\/1"}],"replies":[{"embeddable":true,"href":"https:\/\/movementarena.pl\/gdansk\/wp-json\/wp\/v2\/comments?post=10219"}],"version-history":[{"count":36,"href":"https:\/\/movementarena.pl\/gdansk\/wp-json\/wp\/v2\/posts\/10219\/revisions"}],"predecessor-version":[{"id":10946,"href":"https:\/\/movementarena.pl\/gdansk\/wp-json\/wp\/v2\/posts\/10219\/revisions\/10946"}],"wp:featuredmedia":[{"embeddable":true,"href":"https:\/\/movementarena.pl\/gdansk\/wp-json\/wp\/v2\/media\/10927"}],"wp:attachment":[{"href":"https:\/\/movementarena.pl\/gdansk\/wp-json\/wp\/v2\/media?parent=10219"}],"wp:term":[{"taxonomy":"category","embeddable":true,"href":"https:\/\/movementarena.pl\/gdansk\/wp-json\/wp\/v2\/categories?post=10219"},{"taxonomy":"post_tag","embeddable":true,"href":"https:\/\/movementarena.pl\/gdansk\/wp-json\/wp\/v2\/tags?post=10219"}],"curies":[{"name":"wp","href":"https:\/\/api.w.org\/{rel}","templated":true}]}}